{"id":2331,"date":"2013-01-26T15:47:03","date_gmt":"2013-01-26T15:47:03","guid":{"rendered":"http:\/\/www.rainer-rilling.de\/blog\/?p=2331"},"modified":"2013-01-26T17:27:57","modified_gmt":"2013-01-26T17:27:57","slug":"newspeak-exit-drohnen","status":"publish","type":"post","link":"https:\/\/www.rainer-rilling.de\/blog\/?p=2331","title":{"rendered":"Newspeak: Exit &#8222;Drohnen&#8220;"},"content":{"rendered":"<p><a href=\"http:\/\/www.rainer-rilling.de\/blog\/wp-content\/uploads\/\/tumblr_lcex0oVMQc1qeencu-e1359214999629.jpg\"><img loading=\"lazy\" decoding=\"async\" class=\"alignleft size-thumbnail wp-image-2332\" style=\"border: 0px none; margin: 7px;\" alt=\"tumblr_lcex0oVMQc1qeencu\" src=\"http:\/\/www.rainer-rilling.de\/blog\/wp-content\/uploads\/\/tumblr_lcex0oVMQc1qeencu-e1359214999629-150x150.jpg\" width=\"150\" height=\"150\" \/><\/a><\/p>\n<blockquote><p>&#8222;Das Verkehrsministerium teilte weiter mit, dass auf einem Treffen der europ\u00e4ischen Institutionen, die mit der Thematik von Drohnen befasst sind, ein neuer Begriff entwickelt worden sei, mit welchem die Ger\u00e4te zuk\u00fcnftig bezeichnet werden sollen, &#8222;um dem Negativimage von Drohnen zu begegnen&#8220;. Sie seien stattdessen in Zukunft als &#8222;<span style=\"color: #ff0000;\">ferngelenkte Flugger\u00e4te<\/span> zu kennzeichnen.&#8220; (FAZ 26.1.2013).<\/p><\/blockquote>\n<p>Diese Newspeak ist Bestandteil der ideologischen Austattung des Einstiegs in den Drohnenkrieg, wie ihn jetzt die Regierung Merkel vorantreibt. Sie steckt voller L\u00fcgen: sie fingiert Minimalismus durch Individualisierung und damit eine extrem g\u00fcnstige Schadensbilanz, behauptet die Wiedereinf\u00fchrung der Unterscheidung zwischen Zivilem und Milit\u00e4rischem, baut auf exzessiver Geheimhaltung der Entscheidungen und Handlungen auf und verschleiert so die Verantwortlichkeiten, pr\u00e4sentiert sich als Vorkriegs- oder gar Kriegsverhinderungspraxis und entzieht sich damit den rechtlichen und kulturellen Einhegungen des Krieges &#8211; setzt also die im &#8222;Krieg gegen den Terror&#8220; praktizierte (und u.a. im Falle der Liquidation Bin Ladins vorgef\u00fchrte) Entgrenzung des Krieges fort. Er sei \u00e4u\u00dferst kosteng\u00fcnstig. Er sei zudem fantastisch hochtechnologisch. Gut, dass es dieses Negativimage gibt.<\/p>\n","protected":false},"excerpt":{"rendered":"<p>&#8222;Das Verkehrsministerium teilte weiter mit, dass auf einem Treffen der europ\u00e4ischen Institutionen, die mit der Thematik von Drohnen befasst sind, ein neuer Begriff entwickelt worden sei, mit welchem die Ger\u00e4te zuk\u00fcnftig bezeichnet werden sollen, &#8222;um dem Negativimage von Drohnen zu begegnen&#8220;. Sie seien stattdessen in Zukunft als &#8222;ferngelenkte Flugger\u00e4te zu kennzeichnen.&#8220; (FAZ 26.1.2013). Diese Newspeak &hellip; <\/p>\n<p class=\"link-more\"><a href=\"https:\/\/www.rainer-rilling.de\/blog\/?p=2331\" class=\"more-link\"><span class=\"screen-reader-text\">\u201eNewspeak: Exit &#8222;Drohnen&#8220;\u201c<\/span> weiterlesen<\/a><\/p>\n","protected":false},"author":1,"featured_media":0,"comment_status":"open","ping_status":"open","sticky":false,"template":"","format":"standard","meta":{"footnotes":""},"categories":[4,5],"tags":[],"class_list":["post-2331","post","type-post","status-publish","format-standard","hentry","category-krieg","category-kultur"],"_links":{"self":[{"href":"https:\/\/www.rainer-rilling.de\/blog\/index.php?rest_route=\/wp\/v2\/posts\/2331","targetHints":{"allow":["GET"]}}],"collection":[{"href":"https:\/\/www.rainer-rilling.de\/blog\/index.php?rest_route=\/wp\/v2\/posts"}],"about":[{"href":"https:\/\/www.rainer-rilling.de\/blog\/index.php?rest_route=\/wp\/v2\/types\/post"}],"author":[{"embeddable":true,"href":"https:\/\/www.rainer-rilling.de\/blog\/index.php?rest_route=\/wp\/v2\/users\/1"}],"replies":[{"embeddable":true,"href":"https:\/\/www.rainer-rilling.de\/blog\/index.php?rest_route=%2Fwp%2Fv2%2Fcomments&post=2331"}],"version-history":[{"count":6,"href":"https:\/\/www.rainer-rilling.de\/blog\/index.php?rest_route=\/wp\/v2\/posts\/2331\/revisions"}],"predecessor-version":[{"id":2339,"href":"https:\/\/www.rainer-rilling.de\/blog\/index.php?rest_route=\/wp\/v2\/posts\/2331\/revisions\/2339"}],"wp:attachment":[{"href":"https:\/\/www.rainer-rilling.de\/blog\/index.php?rest_route=%2Fwp%2Fv2%2Fmedia&parent=2331"}],"wp:term":[{"taxonomy":"category","embeddable":true,"href":"https:\/\/www.rainer-rilling.de\/blog\/index.php?rest_route=%2Fwp%2Fv2%2Fcategories&post=2331"},{"taxonomy":"post_tag","embeddable":true,"href":"https:\/\/www.rainer-rilling.de\/blog\/index.php?rest_route=%2Fwp%2Fv2%2Ftags&post=2331"}],"curies":[{"name":"wp","href":"https:\/\/api.w.org\/{rel}","templated":true}]}}